{"id":7692,"date":"2024-09-05T16:51:50","date_gmt":"2024-09-05T15:51:50","guid":{"rendered":"http:\/\/www.anselmodeandrade.pt\/aeaa\/?p=7692"},"modified":"2024-09-05T16:54:52","modified_gmt":"2024-09-05T15:54:52","slug":"rececao-aos-alunos-e-reunioes-com-encarregados-de-educacao-2","status":"publish","type":"post","link":"https:\/\/www.anselmodeandrade.pt\/aeaa\/index.php\/2024\/09\/05\/rececao-aos-alunos-e-reunioes-com-encarregados-de-educacao-2\/","title":{"rendered":"Rece\u00e7\u00e3o aos Alunos e Reuni\u00f5es com Encarregados de Educa\u00e7\u00e3o &#8211; Ano Letivo 2024\/2025"},"content":{"rendered":"<ul>\n<li><a href=\"http:\/\/www.anselmodeandrade.pt\/aeaa\/wp-content\/uploads\/2024\/09\/RECECAO-AOS-ALUNOS-ESAA-2024_2025.pdf\" target=\"_blank\" rel=\"noopener\">Rece\u00e7\u00e3o aos Alunos<\/a><\/li>\n<li><a href=\"http:\/\/www.anselmodeandrade.pt\/aeaa\/wp-content\/uploads\/2024\/09\/RECECAO-AOS-Enc_Educacao-ESAA-2024_2025.pdf\" target=\"_blank\" rel=\"noopener\">Reuni\u00f5es com Encarregados de Educa\u00e7\u00e3o<\/a><\/li>\n<\/ul>\n","protected":false},"excerpt":{"rendered":"<p>Rece\u00e7\u00e3o aos Alunos Reuni\u00f5es com Encarregados de Educa\u00e7\u00e3o<\/p>\n","protected":false},"author":3,"featured_media":0,"comment_status":"open","ping_status":"open","sticky":false,"template":"","format":"standard","meta":{"_jetpack_newsletter_access":"","_jetpack_dont_email_post_to_subs":false,"_jetpack_newsletter_tier_id":0,"_jetpack_memberships_contains_paywalled_content":false,"_jetpack_memberships_contains_paid_content":false,"footnotes":""},"categories":[32,3],"tags":[],"class_list":["post-7692","post","type-post","status-publish","format-standard","hentry","category-informacoes","category-noticias","list-style-post"],"aioseo_notices":[],"jetpack_featured_media_url":"","jetpack_sharing_enabled":true,"jetpack_shortlink":"https:\/\/wp.me\/p96pMj-204","_links":{"self":[{"href":"https:\/\/www.anselmodeandrade.pt\/aeaa\/index.php\/wp-json\/wp\/v2\/posts\/7692","targetHints":{"allow":["GET"]}}],"collection":[{"href":"https:\/\/www.anselmodeandrade.pt\/aeaa\/index.php\/wp-json\/wp\/v2\/posts"}],"about":[{"href":"https:\/\/www.anselmodeandrade.pt\/aeaa\/index.php\/wp-json\/wp\/v2\/types\/post"}],"author":[{"embeddable":true,"href":"https:\/\/www.anselmodeandrade.pt\/aeaa\/index.php\/wp-json\/wp\/v2\/users\/3"}],"replies":[{"embeddable":true,"href":"https:\/\/www.anselmodeandrade.pt\/aeaa\/index.php\/wp-json\/wp\/v2\/comments?post=7692"}],"version-history":[{"count":3,"href":"https:\/\/www.anselmodeandrade.pt\/aeaa\/index.php\/wp-json\/wp\/v2\/posts\/7692\/revisions"}],"predecessor-version":[{"id":7697,"href":"https:\/\/www.anselmodeandrade.pt\/aeaa\/index.php\/wp-json\/wp\/v2\/posts\/7692\/revisions\/7697"}],"wp:attachment":[{"href":"https:\/\/www.anselmodeandrade.pt\/aeaa\/index.php\/wp-json\/wp\/v2\/media?parent=7692"}],"wp:term":[{"taxonomy":"category","embeddable":true,"href":"https:\/\/www.anselmodeandrade.pt\/aeaa\/index.php\/wp-json\/wp\/v2\/categories?post=7692"},{"taxonomy":"post_tag","embeddable":true,"href":"https:\/\/www.anselmodeandrade.pt\/aeaa\/index.php\/wp-json\/wp\/v2\/tags?post=7692"}],"curies":[{"name":"wp","href":"https:\/\/api.w.org\/{rel}","templated":true}]}}