{"id":6268,"date":"2023-06-13T08:21:51","date_gmt":"2023-06-13T07:21:51","guid":{"rendered":"http:\/\/www.anselmodeandrade.pt\/aeaa\/?p=6268"},"modified":"2023-06-13T08:21:51","modified_gmt":"2023-06-13T07:21:51","slug":"visita-de-estudo-ao-centro-de-comandos-dos-smas-em-vale-de-milhacos","status":"publish","type":"post","link":"https:\/\/www.anselmodeandrade.pt\/aeaa\/index.php\/2023\/06\/13\/visita-de-estudo-ao-centro-de-comandos-dos-smas-em-vale-de-milhacos\/","title":{"rendered":"Visita de Estudo ao Centro de Comandos dos SMAS, em Vale de Milha\u00e7os."},"content":{"rendered":"<p>No dia 21 de abril os alunos das turmas do 5\u00baA, 5\u00baB e 5\u00baC realizaram uma visita de estudo ao Centro de Comandos dos SMAS, em Vale de Milha\u00e7os. Esta visita foi preparada pelos professores da equipa pedag\u00f3gica, em resultado do trabalho de articula\u00e7\u00e3o entre as v\u00e1rias disciplinas. O tema do projeto das turmas \u00e9: \u201cVamos Construir uma Torre de \u00c1gua\u201d e aborda a import\u00e2ncia da \u00e1gua, desde a sua capta\u00e7\u00e3o, tratamento e encaminhamento para consumo humano.<\/p>\n<p>Professores respons\u00e1veis: Helena Alcobia e professores das equipas pedag\u00f3gicas das turmas do 5\u00baA, 5\u00baB e 5\u00baC.<\/p>\n<p style=\"text-align: center;\"><a href=\"http:\/\/www.anselmodeandrade.pt\/aeaa\/wp-content\/uploads\/2023\/06\/smas.jpg\"><img loading=\"lazy\" decoding=\"async\" data-attachment-id=\"6269\" data-permalink=\"https:\/\/www.anselmodeandrade.pt\/aeaa\/index.php\/2023\/06\/13\/visita-de-estudo-ao-centro-de-comandos-dos-smas-em-vale-de-milhacos\/smas\/\" data-orig-file=\"https:\/\/www.anselmodeandrade.pt\/aeaa\/wp-content\/uploads\/2023\/06\/smas.jpg\" data-orig-size=\"415,233\" data-comments-opened=\"1\" data-image-meta=\"{&quot;aperture&quot;:&quot;0&quot;,&quot;credit&quot;:&quot;&quot;,&quot;camera&quot;:&quot;&quot;,&quot;caption&quot;:&quot;&quot;,&quot;created_timestamp&quot;:&quot;0&quot;,&quot;copyright&quot;:&quot;&quot;,&quot;focal_length&quot;:&quot;0&quot;,&quot;iso&quot;:&quot;0&quot;,&quot;shutter_speed&quot;:&quot;0&quot;,&quot;title&quot;:&quot;&quot;,&quot;orientation&quot;:&quot;0&quot;}\" data-image-title=\"smas\" data-image-description=\"\" data-image-caption=\"\" data-large-file=\"https:\/\/www.anselmodeandrade.pt\/aeaa\/wp-content\/uploads\/2023\/06\/smas.jpg\" class=\"alignnone size-full wp-image-6269\" src=\"http:\/\/www.anselmodeandrade.pt\/aeaa\/wp-content\/uploads\/2023\/06\/smas.jpg\" alt=\"\" width=\"415\" height=\"233\" srcset=\"https:\/\/www.anselmodeandrade.pt\/aeaa\/wp-content\/uploads\/2023\/06\/smas.jpg 415w, https:\/\/www.anselmodeandrade.pt\/aeaa\/wp-content\/uploads\/2023\/06\/smas-300x168.jpg 300w\" sizes=\"auto, (max-width: 415px) 100vw, 415px\" \/><\/a><\/p>\n","protected":false},"excerpt":{"rendered":"<p>No dia 21 de abril os alunos das turmas do 5\u00baA, 5\u00baB e 5\u00baC realizaram uma visita de estudo ao Centro de Comandos dos SMAS, em Vale de Milha\u00e7os. Esta&nbsp;[ &hellip; ]<\/p>\n","protected":false},"author":3,"featured_media":6269,"comment_status":"open","ping_status":"open","sticky":false,"template":"","format":"standard","meta":{"_jetpack_newsletter_access":"","_jetpack_dont_email_post_to_subs":false,"_jetpack_newsletter_tier_id":0,"_jetpack_memberships_contains_paywalled_content":false,"_jetpack_memberships_contains_paid_content":false,"footnotes":""},"categories":[3],"tags":[1132,790,1133,1134,939,1135,167,135],"class_list":["post-6268","post","type-post","status-publish","format-standard","has-post-thumbnail","hentry","category-noticias","tag-5oa","tag-5ob","tag-5oc","tag-centro-de-comandos","tag-equipa-pedagogica","tag-projeto-de-turma","tag-smas","tag-visita-de-estudo","list-style-post"],"aioseo_notices":[],"jetpack_featured_media_url":"https:\/\/www.anselmodeandrade.pt\/aeaa\/wp-content\/uploads\/2023\/06\/smas.jpg","jetpack_sharing_enabled":true,"jetpack_shortlink":"https:\/\/wp.me\/p96pMj-1D6","_links":{"self":[{"href":"https:\/\/www.anselmodeandrade.pt\/aeaa\/index.php\/wp-json\/wp\/v2\/posts\/6268","targetHints":{"allow":["GET"]}}],"collection":[{"href":"https:\/\/www.anselmodeandrade.pt\/aeaa\/index.php\/wp-json\/wp\/v2\/posts"}],"about":[{"href":"https:\/\/www.anselmodeandrade.pt\/aeaa\/index.php\/wp-json\/wp\/v2\/types\/post"}],"author":[{"embeddable":true,"href":"https:\/\/www.anselmodeandrade.pt\/aeaa\/index.php\/wp-json\/wp\/v2\/users\/3"}],"replies":[{"embeddable":true,"href":"https:\/\/www.anselmodeandrade.pt\/aeaa\/index.php\/wp-json\/wp\/v2\/comments?post=6268"}],"version-history":[{"count":1,"href":"https:\/\/www.anselmodeandrade.pt\/aeaa\/index.php\/wp-json\/wp\/v2\/posts\/6268\/revisions"}],"predecessor-version":[{"id":6270,"href":"https:\/\/www.anselmodeandrade.pt\/aeaa\/index.php\/wp-json\/wp\/v2\/posts\/6268\/revisions\/6270"}],"wp:featuredmedia":[{"embeddable":true,"href":"https:\/\/www.anselmodeandrade.pt\/aeaa\/index.php\/wp-json\/wp\/v2\/media\/6269"}],"wp:attachment":[{"href":"https:\/\/www.anselmodeandrade.pt\/aeaa\/index.php\/wp-json\/wp\/v2\/media?parent=6268"}],"wp:term":[{"taxonomy":"category","embeddable":true,"href":"https:\/\/www.anselmodeandrade.pt\/aeaa\/index.php\/wp-json\/wp\/v2\/categories?post=6268"},{"taxonomy":"post_tag","embeddable":true,"href":"https:\/\/www.anselmodeandrade.pt\/aeaa\/index.php\/wp-json\/wp\/v2\/tags?post=6268"}],"curies":[{"name":"wp","href":"https:\/\/api.w.org\/{rel}","templated":true}]}}