{"id":4548,"date":"2021-12-13T16:48:12","date_gmt":"2021-12-13T16:48:12","guid":{"rendered":"http:\/\/www.anselmodeandrade.pt\/aeaa\/?p=4548"},"modified":"2021-12-13T16:48:12","modified_gmt":"2021-12-13T16:48:12","slug":"jornadas-pedagogicas-o-aluno-no-centro-da-organizacao-pedagogica-26-de-novembro-2","status":"publish","type":"post","link":"https:\/\/www.anselmodeandrade.pt\/aeaa\/index.php\/2021\/12\/13\/jornadas-pedagogicas-o-aluno-no-centro-da-organizacao-pedagogica-26-de-novembro-2\/","title":{"rendered":"Jornadas Pedag\u00f3gicas \u201cO Aluno no centro da Organiza\u00e7\u00e3o Pedag\u00f3gica\u201d &#8211; 26 de Novembro"},"content":{"rendered":"<p>No \u00e2mbito do projeto <strong>Novos Tempos para Aprender<\/strong>, realizaram-se, no passado dia 26 de novembro, as jornadas pedag\u00f3gicas sob o tema: O aluno no centro da Organiza\u00e7\u00e3o Pedag\u00f3gica. Esta sess\u00e3o online, destinada aos Coordenadores de Departamento e Coordenadores dos Diretores de Turma, teve como objetivo a partilha de pr\u00e1ticas pedag\u00f3gicas e a reflex\u00e3o sobre temas relativos \u00e0 Organiza\u00e7\u00e3o Pedag\u00f3gicas das Escolas.<\/p>\n<p>Participaram nesta sess\u00e3o as respons\u00e1veis pelos cargos acima descritos do nosso Agrupamento de Escolas tendo abordado, na sua apresenta\u00e7\u00e3o, a tem\u00e1tica da import\u00e2ncia da colabora\u00e7\u00e3o e articula\u00e7\u00e3o dos professores no \u00e2mbito da sua pr\u00e1tica letiva e organiza\u00e7\u00e3o de atividades \/ projetos.<\/p>\n<p><a href=\"http:\/\/www.anselmodeandrade.pt\/aeaa\/wp-content\/uploads\/2021\/12\/JornadasPedagogicas_Anselmode-Andrade_Colaboracao-e-Articulacao.wmv\">JornadasPedag\u00f3gicas_Anselmode Andrade_Colabora\u00e7\u00e3o e Articula\u00e7\u00e3o<\/a><\/p>\n","protected":false},"excerpt":{"rendered":"<p>No \u00e2mbito do projeto Novos Tempos para Aprender, realizaram-se, no passado dia 26 de novembro, as jornadas pedag\u00f3gicas sob o tema: O aluno no centro da Organiza\u00e7\u00e3o Pedag\u00f3gica. Esta sess\u00e3o&nbsp;[ &hellip; ]<\/p>\n","protected":false},"author":3,"featured_media":4327,"comment_status":"open","ping_status":"open","sticky":false,"template":"","format":"standard","meta":{"_jetpack_newsletter_access":"","_jetpack_dont_email_post_to_subs":false,"_jetpack_newsletter_tier_id":0,"_jetpack_memberships_contains_paywalled_content":false,"_jetpack_memberships_contains_paid_content":false,"footnotes":""},"categories":[3],"tags":[492],"class_list":["post-4548","post","type-post","status-publish","format-standard","has-post-thumbnail","hentry","category-noticias","tag-nta","list-style-post"],"aioseo_notices":[],"jetpack_featured_media_url":"https:\/\/www.anselmodeandrade.pt\/aeaa\/wp-content\/uploads\/2021\/10\/NTA.jpg","jetpack_sharing_enabled":true,"jetpack_shortlink":"https:\/\/wp.me\/p96pMj-1bm","_links":{"self":[{"href":"https:\/\/www.anselmodeandrade.pt\/aeaa\/index.php\/wp-json\/wp\/v2\/posts\/4548","targetHints":{"allow":["GET"]}}],"collection":[{"href":"https:\/\/www.anselmodeandrade.pt\/aeaa\/index.php\/wp-json\/wp\/v2\/posts"}],"about":[{"href":"https:\/\/www.anselmodeandrade.pt\/aeaa\/index.php\/wp-json\/wp\/v2\/types\/post"}],"author":[{"embeddable":true,"href":"https:\/\/www.anselmodeandrade.pt\/aeaa\/index.php\/wp-json\/wp\/v2\/users\/3"}],"replies":[{"embeddable":true,"href":"https:\/\/www.anselmodeandrade.pt\/aeaa\/index.php\/wp-json\/wp\/v2\/comments?post=4548"}],"version-history":[{"count":1,"href":"https:\/\/www.anselmodeandrade.pt\/aeaa\/index.php\/wp-json\/wp\/v2\/posts\/4548\/revisions"}],"predecessor-version":[{"id":4550,"href":"https:\/\/www.anselmodeandrade.pt\/aeaa\/index.php\/wp-json\/wp\/v2\/posts\/4548\/revisions\/4550"}],"wp:featuredmedia":[{"embeddable":true,"href":"https:\/\/www.anselmodeandrade.pt\/aeaa\/index.php\/wp-json\/wp\/v2\/media\/4327"}],"wp:attachment":[{"href":"https:\/\/www.anselmodeandrade.pt\/aeaa\/index.php\/wp-json\/wp\/v2\/media?parent=4548"}],"wp:term":[{"taxonomy":"category","embeddable":true,"href":"https:\/\/www.anselmodeandrade.pt\/aeaa\/index.php\/wp-json\/wp\/v2\/categories?post=4548"},{"taxonomy":"post_tag","embeddable":true,"href":"https:\/\/www.anselmodeandrade.pt\/aeaa\/index.php\/wp-json\/wp\/v2\/tags?post=4548"}],"curies":[{"name":"wp","href":"https:\/\/api.w.org\/{rel}","templated":true}]}}